{"id":87,"date":"2016-01-14T15:05:00","date_gmt":"2016-01-14T14:05:00","guid":{"rendered":"http:\/\/campinghautoreille.com\/wordpress\/?p=87"},"modified":"2017-05-02T10:51:10","modified_gmt":"2017-05-02T09:51:10","slug":"actualite-1","status":"publish","type":"post","link":"https:\/\/campinghautoreille.com\/index.php\/fr\/2016\/01\/14\/actualite-1\/","title":{"rendered":"Loisirs Sportifs"},"content":{"rendered":"<table class=\" aligncenter\" style=\"border-color: #331b1b; width: 90%;\" border=\"0\">\n<tbody>\n<tr>\n<td style=\"border-color: #ffffff; width: 852px; text-align: center;\"><a href=\"https:\/\/campinghautoreille.com\/wp-content\/uploads\/2016\/01\/Marche-nordique-Langres-Jean-Francois-Feutriez.jpg\"><img loading=\"lazy\" decoding=\"async\" class=\"alignnone wp-image-479 size-full\" style=\"border: 1px solid #000000;\" src=\"https:\/\/campinghautoreille.com\/wp-content\/uploads\/2016\/01\/Marche-nordique-Langres-Jean-Francois-Feutriez.jpg\" width=\"850\" height=\"184\" srcset=\"https:\/\/campinghautoreille.com\/wp-content\/uploads\/2016\/01\/Marche-nordique-Langres-Jean-Francois-Feutriez.jpg 850w, https:\/\/campinghautoreille.com\/wp-content\/uploads\/2016\/01\/Marche-nordique-Langres-Jean-Francois-Feutriez-300x65.jpg 300w, https:\/\/campinghautoreille.com\/wp-content\/uploads\/2016\/01\/Marche-nordique-Langres-Jean-Francois-Feutriez-768x166.jpg 768w\" sizes=\"auto, (max-width: 850px) 100vw, 850px\" \/><\/a><\/td>\n<\/tr>\n<tr>\n<td style=\"border-color: #ffffff; width: 90%;\">\n<ul>\n<li>Au d\u00e9part du camping partez \u00e0 la d\u00e9couverte du pays des 4 lacs.<br \/>\nAmateurs de randonn\u00e9es et de grands espaces, vous aurez le choix entre lacs et rivi\u00e8res, forets verdoyantes, vall\u00e9es profondes, paysages aux multiples couleurs &#8230;<\/li>\n<\/ul>\n<ul>\n<li>Il faut dire que le pays de Langres semble pr\u00e9destin\u00e9 \u00e0 ce type d&rsquo;activit\u00e9s. Que vous soyez a pieds ou en v\u00e9lo, il y a de quoi satisfaire marcheur du dimanche et randonneur chevronn\u00e9.<\/li>\n<\/ul>\n<\/td>\n<\/tr>\n<\/tbody>\n<\/table>\n<table class=\" aligncenter\" style=\"border-color: #c9c9c9; width: 90%;\">\n<tbody>\n<tr>\n<td>\n<table class=\"aligncenter\" style=\"border-color: #ffffff; width: 100%;\" border=\"1\" cellpadding=\"5\">\n<tbody>\n<tr>\n<td style=\"width: 100%; vertical-align: top; background-color: #b3154f;\" colspan=\"2\"><span style=\"color: #ffffff;\"><strong>Voici deux circuit r\u00e9alisable depuis le camping :<\/strong><\/span><\/td>\n<\/tr>\n<tr>\n<td style=\"border-color: #ffffff; width: 50%;\"><\/td>\n<td style=\"border-color: #ffffff; width: 50%;\"><\/td>\n<\/tr>\n<tr>\n<td style=\"border-color: #ffffff; width: 50%; background-color: #a3c53a;\"><strong>Tour du lac de la Liez<\/strong><\/td>\n<td style=\"border-color: #ffffff; width: 50%;\"><\/td>\n<\/tr>\n<tr>\n<td style=\"border-color: #ffffff; width: 50%; vertical-align: top;\">\n<ul>\n<li style=\"text-align: justify;\">Ce circuit vous fera d\u00e9couvrir le Lac de la Liez le long d&rsquo;un sentier am\u00e9nag\u00e9 au beau milieu d&rsquo;une nature pr\u00e9serv\u00e9e. Ce lac tr\u00e8s anim\u00e9 en saison invite \u00e0 la d\u00e9tente, soit sur la plage, soit en participant aux diff\u00e9rentes activit\u00e9s propos\u00e9es (voile, ski nautique, bou\u00e9e tract\u00e9e\u0085).<\/li>\n<li style=\"text-align: justify;\">Le circuit : <a href=\"https:\/\/randonnee.tourisme-langres.com\/fr\/RANDONNEE-LANGRES-20_tour-du-lac-de-la-liez-n-20\" target=\"_blank\" rel=\"noopener noreferrer\">Cliquez ici<\/a><\/li>\n<\/ul>\n<\/td>\n<td style=\"border-color: #ffffff; width: 50%; text-align: center;\"><a href=\"https:\/\/campinghautoreille.com\/wp-content\/uploads\/2016\/01\/Carte-randonnee-tour-du-lac-de-la-liez-peigney.jpg\"><img loading=\"lazy\" decoding=\"async\" class=\"alignnone wp-image-419 size-medium\" style=\"border: 1px solid #000000;\" src=\"https:\/\/campinghautoreille.com\/wp-content\/uploads\/2016\/01\/Carte-randonnee-tour-du-lac-de-la-liez-peigney-300x201.jpg\" width=\"300\" height=\"201\" srcset=\"https:\/\/campinghautoreille.com\/wp-content\/uploads\/2016\/01\/Carte-randonnee-tour-du-lac-de-la-liez-peigney-300x201.jpg 300w, https:\/\/campinghautoreille.com\/wp-content\/uploads\/2016\/01\/Carte-randonnee-tour-du-lac-de-la-liez-peigney-768x515.jpg 768w, https:\/\/campinghautoreille.com\/wp-content\/uploads\/2016\/01\/Carte-randonnee-tour-du-lac-de-la-liez-peigney.jpg 800w\" sizes=\"auto, (max-width: 300px) 100vw, 300px\" \/><\/a><\/td>\n<\/tr>\n<tr>\n<td style=\"width: 50%; vertical-align: top; background-color: #a3c53a;\"><strong>Tour du Lac de Charmes<\/strong><\/td>\n<td style=\"border-color: #ffffff; width: 50%;\"><\/td>\n<\/tr>\n<tr>\n<td style=\"border-color: #ffffff; width: 50%; vertical-align: middle;\"><a href=\"https:\/\/campinghautoreille.com\/wp-content\/uploads\/2016\/01\/Carte-randonnee-tour-du-lac-de-charmes.jpg\"><img loading=\"lazy\" decoding=\"async\" class=\"wp-image-417 aligncenter\" style=\"border: 1px solid #000000;\" src=\"https:\/\/campinghautoreille.com\/wp-content\/uploads\/2016\/01\/Carte-randonnee-tour-du-lac-de-charmes.jpg\" width=\"291\" height=\"195\" srcset=\"https:\/\/campinghautoreille.com\/wp-content\/uploads\/2016\/01\/Carte-randonnee-tour-du-lac-de-charmes.jpg 800w, https:\/\/campinghautoreille.com\/wp-content\/uploads\/2016\/01\/Carte-randonnee-tour-du-lac-de-charmes-300x201.jpg 300w, https:\/\/campinghautoreille.com\/wp-content\/uploads\/2016\/01\/Carte-randonnee-tour-du-lac-de-charmes-768x515.jpg 768w\" sizes=\"auto, (max-width: 291px) 100vw, 291px\" \/><\/a><\/td>\n<td style=\"border-color: #ffffff; width: 50%; text-align: justify; vertical-align: top;\">\n<ul>\n<li>Ce circuit vous invite \u00e0 la balade sur les berges du lac o\u00f9 vous ne manquerez pas d&rsquo;apercevoir de nombreux oiseaux venus sur cet espace pr\u00e9serv\u00e9.<\/li>\n<\/ul>\n<ul>\n<li>Le lac de Charmes est une vaste nappe de pr\u00e8s de 197 hectares pour 5 kilom\u00e8tres d&rsquo;\u00e9tendue maximum.<\/li>\n<li>Le circuit :<a href=\"https:\/\/randonnee.tourisme-langres.com\/fr\/RANDONNEE-LANGRES-41_tour-du-lac-de-charmes\" target=\"_blank\" rel=\"noopener noreferrer\"> Cliquer ici <\/a><\/li>\n<\/ul>\n<\/td>\n<\/tr>\n<tr>\n<td style=\"border-color: #ffffff; width: 50%; vertical-align: top; background-color: #a3c53a;\"><strong>Amateurs de p\u00eache<\/strong><\/td>\n<td style=\"border-color: #ffffff; width: 50%;\"><\/td>\n<\/tr>\n<tr>\n<td style=\"border-color: #ffffff; width: 50%; text-align: left; vertical-align: top;\">\n<ul>\n<li style=\"text-align: justify;\">Amateurs de p\u00eache vous trouverez ici votre bonheur,entre lac et rivi\u00e8re vous aurez l&#8217;embarra du choix. Nous proposons des caravanes \u00e0 la location, afin de faciliter votre s\u00e9jour.<\/li>\n<\/ul>\n<\/td>\n<td style=\"border-color: #ffffff; width: 302px; text-align: justify; vertical-align: top;\"><a href=\"https:\/\/campinghautoreille.com\/wp-content\/uploads\/2016\/01\/images.jpg\"><img loading=\"lazy\" decoding=\"async\" class=\"wp-image-470 size-full alignnone\" style=\"border: 1px solid #000000;\" src=\"https:\/\/campinghautoreille.com\/wp-content\/uploads\/2016\/01\/images.jpg\" width=\"232\" height=\"155\" \/><\/a><a href=\"https:\/\/campinghautoreille.com\/wp-content\/uploads\/2016\/01\/Lac-de-charmes-automne-11-Jean-Francois-Feutriez.jpg\"><img loading=\"lazy\" decoding=\"async\" class=\"alignnone wp-image-418\" style=\"border: 1px solid #000000; margin: 3px;\" src=\"https:\/\/campinghautoreille.com\/wp-content\/uploads\/2016\/01\/Lac-de-charmes-automne-11-Jean-Francois-Feutriez.jpg\" width=\"199\" height=\"133\" srcset=\"https:\/\/campinghautoreille.com\/wp-content\/uploads\/2016\/01\/Lac-de-charmes-automne-11-Jean-Francois-Feutriez.jpg 800w, https:\/\/campinghautoreille.com\/wp-content\/uploads\/2016\/01\/Lac-de-charmes-automne-11-Jean-Francois-Feutriez-300x201.jpg 300w, https:\/\/campinghautoreille.com\/wp-content\/uploads\/2016\/01\/Lac-de-charmes-automne-11-Jean-Francois-Feutriez-768x515.jpg 768w\" sizes=\"auto, (max-width: 199px) 100vw, 199px\" \/><\/a><\/td>\n<\/tr>\n<tr>\n<td style=\"border-color: #ffffff; width: 50%; vertical-align: top; background-color: #a3c53a;\"><strong>A votre disposition<\/strong><\/td>\n<td style=\"border-color: #ffffff; width: 50%;\"><\/td>\n<\/tr>\n<tr>\n<td style=\"border-color: #ffffff; width: 50%; vertical-align: top;\" colspan=\"2\">\n<ul>\n<li>Terrain de p\u00e9tanque et table de ping-pong au sein du camping<\/li>\n<li>Location de v\u00e9lo adulte \u00e0 la journ\u00e9e.<\/li>\n<li>Carte de randonn\u00e9es mise \u00e0 disposition.<\/li>\n<\/ul>\n<\/td>\n<\/tr>\n<tr>\n<td style=\"border-color: #ffffff; width: 50%; text-align: center; vertical-align: top; background-color: #b3154f;\" colspan=\"2\"><strong><span style=\"color: #ffffff;\">Plus de randonn\u00e9es autours de Langres cliqu\u00e9<a style=\"color: #ffffff;\" href=\"http:\/\/randonnee.tourisme-langres.com\/\" target=\"_blank\" rel=\"noopener noreferrer\"> ici<\/a> <\/span><\/strong><\/td>\n<\/tr>\n<\/tbody>\n<\/table>\n<\/td>\n<\/tr>\n<\/tbody>\n<\/table>\n<p>&nbsp;<\/p>\n","protected":false},"excerpt":{"rendered":"<p>Au d\u00e9part du camping partez \u00e0 la d\u00e9couverte du pays des 4 lacs. Amateurs de randonn\u00e9es et de grands espaces, vous aurez le choix entre lacs et rivi\u00e8res, forets verdoyantes, vall\u00e9es profondes, paysages aux multiples couleurs &#8230; Il faut dire que le pays de Langres semble pr\u00e9destin\u00e9 \u00e0 ce type d&rsquo;activit\u00e9s. Que vous soyez a [&hellip;]<\/p>\n","protected":false},"author":1,"featured_media":230,"comment_status":"closed","ping_status":"open","sticky":false,"template":"","format":"standard","meta":{"footnotes":""},"categories":[39],"tags":[],"class_list":["post-87","post","type-post","status-publish","format-standard","has-post-thumbnail","hentry","category-actualite"],"_links":{"self":[{"href":"https:\/\/campinghautoreille.com\/index.php\/wp-json\/wp\/v2\/posts\/87","targetHints":{"allow":["GET"]}}],"collection":[{"href":"https:\/\/campinghautoreille.com\/index.php\/wp-json\/wp\/v2\/posts"}],"about":[{"href":"https:\/\/campinghautoreille.com\/index.php\/wp-json\/wp\/v2\/types\/post"}],"author":[{"embeddable":true,"href":"https:\/\/campinghautoreille.com\/index.php\/wp-json\/wp\/v2\/users\/1"}],"replies":[{"embeddable":true,"href":"https:\/\/campinghautoreille.com\/index.php\/wp-json\/wp\/v2\/comments?post=87"}],"version-history":[{"count":61,"href":"https:\/\/campinghautoreille.com\/index.php\/wp-json\/wp\/v2\/posts\/87\/revisions"}],"predecessor-version":[{"id":844,"href":"https:\/\/campinghautoreille.com\/index.php\/wp-json\/wp\/v2\/posts\/87\/revisions\/844"}],"wp:featuredmedia":[{"embeddable":true,"href":"https:\/\/campinghautoreille.com\/index.php\/wp-json\/wp\/v2\/media\/230"}],"wp:attachment":[{"href":"https:\/\/campinghautoreille.com\/index.php\/wp-json\/wp\/v2\/media?parent=87"}],"wp:term":[{"taxonomy":"category","embeddable":true,"href":"https:\/\/campinghautoreille.com\/index.php\/wp-json\/wp\/v2\/categories?post=87"},{"taxonomy":"post_tag","embeddable":true,"href":"https:\/\/campinghautoreille.com\/index.php\/wp-json\/wp\/v2\/tags?post=87"}],"curies":[{"name":"wp","href":"https:\/\/api.w.org\/{rel}","templated":true}]}}